{"id":100,"date":"2025-01-22T10:57:42","date_gmt":"2025-01-22T10:57:42","guid":{"rendered":"https:\/\/yu-ki.org\/?p=100"},"modified":"2025-07-11T14:48:55","modified_gmt":"2025-07-11T14:48:55","slug":"ubersetzung-eines-textes","status":"publish","type":"post","link":"https:\/\/yu-ki.org\/ku\/2025\/01\/22\/ubersetzung-eines-textes\/","title":{"rendered":"Wergera niv\u00eesek\u00ea"},"content":{"rendered":"<h2 class=\"wp-block-heading\">P\u00ea\u015fk\u00ea\u015f<strong>serek\u00ee<\/strong><\/h2>\n\n\n\n<p>P\u00ea\u015fk\u00ea\u015fkirina niv\u00eesan bi gelek zimanan di c\u00eehana me ya bi hev ve gir\u00eaday\u00ee de ji her dem\u00ea gir\u00eengtir e. \u00c7i ji bo projey\u00ean navnetewey\u00ee be, \u00e7i ji bo malper\u00ean pirziman\u00ee be, \u00e7i j\u00ee ji bo vexwendin\u00ean m\u00eavan\u00ean navnetewey\u00ee be - werger naverok\u00ea digih\u00eene hev \u00fb teqd\u00eerkirina ji bo kom\u00ean hedef \u00ean c\u00fbda n\u00ee\u015fan dide.<\/p>\n\n\n\n<p>Zekaya s\u00fbn\u00ee (ZS) dih\u00eale ku niv\u00ees bi lez, bi awayek\u00ee erzan \u00fb bi kal\u00eeteyek bilind werin wergerandin. Model\u00ean wergerandina n\u00fbjen kontekst, \u015f\u00eawaza ziman \u00fb nuans\u00ean \u00e7and\u00ee li ber \u00e7avan digirin.<\/p>\n\n\n\n<hr class=\"wp-block-separator has-alpha-channel-opacity\"\/>\n\n\n\n<h2 class=\"wp-block-heading\"><strong>Bingeh\u00een<\/strong><\/h2>\n\n\n\n<p>Model\u00ean wergerandin\u00ea y\u00ean bi h\u00eaza AI-\u00ea li ser tor\u00ean neural t\u00eane damezrandin ku m\u00eeqdar\u00ean mezin \u00ean niv\u00ees\u00ea di ziman\u00ean c\u00fbda de anal\u00eez dikin. Ew ne ten\u00ea peyv\u00ean takekes\u00ee, l\u00ea di heman dem\u00ea de avahiy\u00ean hevokan \u00fb \u00eefadey\u00ean \u00eediomat\u00eek j\u00ee nas dikin.<\/p>\n\n\n\n<p>Kal\u00eeteya werger\u00ea bi giran\u00ee bi zelaliya metna or\u00eej\u00eenal \u00fb \u015f\u00eawaza armanc a xwest\u00ee ve gir\u00eaday\u00ee ye.<\/p>\n\n\n\n<hr class=\"wp-block-separator has-alpha-channel-opacity\"\/>\n\n\n\n<h2 class=\"wp-block-heading\"><strong>Qad\u00ean ser\u00eel\u00eadan\u00ea \u00fb karan\u00een\u00ean gengaz<\/strong><\/h2>\n\n\n\n<ul class=\"wp-block-list\">\n<li><strong>Malper \u00fb n\u00fb\u00e7ename:<\/strong>&nbsp;Naveroka pirziman\u00ee ji bo tema\u015fevanek berfirehtir.<\/li>\n\n\n\n<li><strong>Vexwendname \u00fb belavok:<\/strong>&nbsp;Daxuyan\u00ee li hember be\u015fdar\u00ean navnetewey\u00ee.<\/li>\n\n\n\n<li><strong>Rapor\u00ean projey\u00ea:<\/strong>&nbsp;T\u00eakil\u00ee bi hevkar\u00ean navnetewey\u00ee \u00fb saziy\u00ean f\u00eenansekirin\u00ea re.<\/li>\n\n\n\n<li><strong>Medyaya civak\u00ee:<\/strong>&nbsp;Bi r\u00eaya post\u00ean pirziman\u00ee gih\u00ee\u015ftina gerd\u00fbn\u00ee.<\/li>\n\n\n\n<li><strong>Belgey\u00ean navxwey\u00ee:<\/strong>&nbsp;Hevkariya di t\u00eem\u00ean navnetewey\u00ee de.<\/li>\n<\/ul>\n\n\n\n<hr class=\"wp-block-separator has-alpha-channel-opacity\"\/>\n\n\n\n<h2 class=\"wp-block-heading\"><strong>Prosed\u00fbra gav-bi-gav<\/strong><\/h2>\n\n\n\n<h3 class=\"wp-block-heading\">Gava 1: Ziman\u00ean \u00e7avkan\u00ee \u00fb armanc diyar bikin<\/h3>\n\n\n\n<ul class=\"wp-block-list\">\n<li>Niv\u00eesara or\u00eej\u00eenal bi \u00e7i ziman\u00ee ye?<\/li>\n\n\n\n<li>Div\u00ea wergera w\u00ea bi k\u00eejan ziman\u00ee b\u00ea kirin?<\/li>\n<\/ul>\n\n\n\n<h3 class=\"wp-block-heading\">Gav 2: Niv\u00ees\u00ea amade bikin<\/h3>\n\n\n\n<ul class=\"wp-block-list\">\n<li>Guhertoya or\u00eej\u00eenal a her\u00ee zelal \u00fb b\u00ea xelet\u00ee biafir\u00eene.<\/li>\n\n\n\n<li>Term \u00fb nav\u00ean tekn\u00eek\u00ee zelal bike.<\/li>\n<\/ul>\n\n\n\n<h3 class=\"wp-block-heading\">P\u00eangava 3: Daxwazek ji AI-\u00ea re \u00e7\u00eabikin<\/h3>\n\n\n\n<p>Peyveke werger\u00ea ya ba\u015f div\u00ea h\u00eaman\u00ean j\u00ear\u00een dihew\u00eene:<\/p>\n\n\n\n<ul class=\"wp-block-list\">\n<li><strong>Ziman\u00ea \u00e7avkan\u00ee \u00fb armanc:<\/strong>&nbsp;M\u00eenak\u00ee, &quot;ji Alman\u00ee bo \u00cengil\u00eez\u00ee&quot;.<\/li>\n\n\n\n<li><strong>Deng \u00fb \u015f\u00eawaz:<\/strong>&nbsp;Ferm\u00ee, neferm\u00ee, danas\u00een\u00ee, hwd.<\/li>\n\n\n\n<li><strong>T\u00eab\u00een\u00eey\u00ean taybet:<\/strong>&nbsp;Peyv\u00ean tekn\u00eek\u00ee bipar\u00eazin an rave bikin, dir\u00eajah\u00eey\u00ea rast bikin.<\/li>\n<\/ul>\n\n\n\n<h3 class=\"wp-block-heading\">Gava 4: Wergerandin\u00ea kontrol bike<\/h3>\n\n\n\n<ul class=\"wp-block-list\">\n<li>Rastb\u00fbna tekn\u00eek\u00ee \u00fb ziman\u00ee misoger bikin.<\/li>\n\n\n\n<li>Bi taybet\u00ee gir\u00eeng e ku wergeran ji h\u00eala kes\u00ean ku bi ziman\u00ea armanc diaxivin ve werin kontrol kirin.<\/li>\n\n\n\n<li>Ger hewce be, sererastkirin\u00ean pi\u00e7\u00fbk bikin.<\/li>\n<\/ul>\n\n\n\n<h3 class=\"wp-block-heading\">P\u00eangava 5: Niv\u00eesa daw\u00ee hil\u00eenin \u00fb t\u00eaxin<\/h3>\n\n\n\n<ul class=\"wp-block-list\">\n<li>Di vexwendnameyan, malperan, an belgey\u00ean din de bic\u00eeh bikin.<\/li>\n\n\n\n<li>Formatkirin\u00ea rast bike.<\/li>\n<\/ul>\n\n\n\n<hr class=\"wp-block-separator has-alpha-channel-opacity\"\/>\n\n\n\n<h2 class=\"wp-block-heading\">Nim\u00fbneya c\u00eehana rast\u00een<\/h2>\n\n\n\n<h3 class=\"wp-block-heading\">senaryo<\/h3>\n\n\n\n<p>R\u00eaxistinek dixwaze ji bo kes\u00ean ku ezm\u00fbn\u00ean penaberiy\u00ea bi Ereb\u00ee j\u00ee hene vexwendnameyek\u00ea ji bo dan\u00fbstandinek\u00ea bi\u015f\u00eene.<\/p>\n\n\n\n<h3 class=\"wp-block-heading\">Daxwaza AI-\u00ea bike<\/h3>\n\n\n\n<blockquote class=\"wp-block-quote is-layout-flow wp-block-quote-is-layout-flow\">\n<p>&quot;V\u00ea niv\u00eesa vexwendin\u00ea ji Alman\u00ee werger\u00eene Erebiya Standard a Modern. \u015e\u00eawazek germ \u00fb p\u00ea\u015fwaz\u00eekar bi kar b\u00eene, \u00fb naverok\u00ea neguher\u00eene.&quot;<\/p>\n<\/blockquote>\n\n\n\n<hr class=\"wp-block-separator has-alpha-channel-opacity\"\/>\n\n\n\n<h2 class=\"wp-block-heading\">Xelas\u00ee<\/h2>\n\n\n\n<p>AI wergerandina niv\u00eesan bi lez, p\u00eabawer \u00fb pir-\u015f\u00eawaz\u00ee gengaz dike. Ev dem teser\u00fbf dike, l\u00ea\u00e7\u00fbnan k\u00eam dike, \u00fb \u00eeht\u00eemala gih\u00ee\u015ftina naverok\u00ea ji bo tema\u015fevan\u00ean navnetewey\u00ee vedike. L\u00eabel\u00ea, nirxandina baldar ji bo hesabkirina nuans \u00fb h\u00fbrguliy\u00ean \u00e7and\u00ee gir\u00eeng e.<\/p>\n\n\n\n<hr class=\"wp-block-separator has-alpha-channel-opacity\"\/>\n\n\n\n<h2 class=\"wp-block-heading\">Gir\u00eadan\u00ean din<\/h2>\n\n\n\n<figure class=\"wp-block-table is-style-stripes text-align-left\"><table class=\"has-fixed-layout\"><tbody><tr><td><a href=\"https:\/\/chat.openai.com\" target=\"_blank\">ChatGPT Plus<\/a><\/td><td>Niv\u00eesan werdiger\u00eene z\u00eadetir\u00ee 50 zimanan, kontekst, term\u00ean tekn\u00eek\u00ee \u00fb c\u00fbdahiy\u00ean her\u00eam\u00ee nas dike.<\/td><\/tr><tr><td><a href=\"https:\/\/deepl.com\" target=\"_blank\">Werg\u00ear\u00ea DeepL<\/a><\/td><td>Werger\u00ean bi kal\u00eete bilind ji bo Alman\u00ee, \u00cengil\u00eez\u00ee, Frans\u00ee \u00fb hwd.; \u00eedeal ji bo niv\u00ees\u00ean ferm\u00ee.<\/td><\/tr><\/tbody><\/table><\/figure>\n\n\n\n<p><\/p>","protected":false},"excerpt":{"rendered":"<p>Einleitung Texte in mehreren Sprachen anzubieten, ist in unserer vernetzten Welt wichtiger denn je. Ob f\u00fcr internationale Projekte, mehrsprachige Websites oder Einladungen an internationale G\u00e4ste \u2013 \u00dcbersetzungen machen Inhalte zug\u00e4nglich und zeigen Wertsch\u00e4tzung gegen\u00fcber verschiedenen Zielgruppen. K\u00fcnstliche Intelligenz (KI)&nbsp;erm\u00f6glicht es, Texte schnell, kosteng\u00fcnstig und in hoher Qualit\u00e4t zu \u00fcbersetzen. Moderne \u00dcbersetzungsmodelle ber\u00fccksichtigen dabei Kontext, Sprachstil [&hellip;]<\/p>","protected":false},"author":1,"featured_media":0,"comment_status":"open","ping_status":"open","sticky":false,"template":"","format":"standard","meta":{"footnotes":""},"categories":[23],"tags":[],"class_list":["post-100","post","type-post","status-publish","format-standard","hentry","category-textbasierte-ki-anwendungen"],"_links":{"self":[{"href":"https:\/\/yu-ki.org\/ku\/wp-json\/wp\/v2\/posts\/100","targetHints":{"allow":["GET"]}}],"collection":[{"href":"https:\/\/yu-ki.org\/ku\/wp-json\/wp\/v2\/posts"}],"about":[{"href":"https:\/\/yu-ki.org\/ku\/wp-json\/wp\/v2\/types\/post"}],"author":[{"embeddable":true,"href":"https:\/\/yu-ki.org\/ku\/wp-json\/wp\/v2\/users\/1"}],"replies":[{"embeddable":true,"href":"https:\/\/yu-ki.org\/ku\/wp-json\/wp\/v2\/comments?post=100"}],"version-history":[{"count":4,"href":"https:\/\/yu-ki.org\/ku\/wp-json\/wp\/v2\/posts\/100\/revisions"}],"predecessor-version":[{"id":531,"href":"https:\/\/yu-ki.org\/ku\/wp-json\/wp\/v2\/posts\/100\/revisions\/531"}],"wp:attachment":[{"href":"https:\/\/yu-ki.org\/ku\/wp-json\/wp\/v2\/media?parent=100"}],"wp:term":[{"taxonomy":"category","embeddable":true,"href":"https:\/\/yu-ki.org\/ku\/wp-json\/wp\/v2\/categories?post=100"},{"taxonomy":"post_tag","embeddable":true,"href":"https:\/\/yu-ki.org\/ku\/wp-json\/wp\/v2\/tags?post=100"}],"curies":[{"name":"wp","href":"https:\/\/api.w.org\/{rel}","templated":true}]}}