{"id":110,"date":"2025-01-22T11:53:08","date_gmt":"2025-01-22T11:53:08","guid":{"rendered":"https:\/\/yu-ki.org\/?p=110"},"modified":"2025-07-11T14:31:12","modified_gmt":"2025-07-11T14:31:12","slug":"text-zusammenfassen-am-beispiel-eines-protokolls-mitschriebs","status":"publish","type":"post","link":"https:\/\/yu-ki.org\/ku\/2025\/01\/22\/text-zusammenfassen-am-beispiel-eines-protokolls-mitschriebs\/","title":{"rendered":"Kurteya niv\u00ees\u00ea"},"content":{"rendered":"<h2 class=\"wp-block-heading\">P\u00ea\u015fk\u00ea\u015f<strong>serek\u00ee<\/strong><\/h2>\n\n\n\n<p>Niv\u00ees\u00ean dir\u00eaj \u00ean wek\u00ee protokol, rapor, an l\u00eakol\u00eenan pir caran zehmet t\u00eane gih\u00ee\u015ftin \u00fb xwendina wan gelek dem dixwaze. Bi taybet\u00ee di protokol\u00ean civ\u00een an konferansan de, gir\u00eeng e ku meriv bikaribe xal\u00ean sereke z\u00fb fam bike.<\/p>\n\n\n\n<p>Zekaya s\u00fbn\u00ee (ZS) dikare bibe al\u00eekar ku niv\u00ees\u00ean weha bixweber werin anal\u00eezkirin \u00fb xal\u00ean her\u00ee gir\u00eeng bi awayek\u00ee kurt \u00fb bi h\u00easan\u00ee t\u00ea f\u00eamkirin werin kurteberkirin. Ev yek dem\u00ea teser\u00fbf dike \u00fb belavkirina bilez a agahiy\u00ean t\u00eakildar gengaz dike.<\/p>\n\n\n\n<hr class=\"wp-block-separator has-alpha-channel-opacity\"\/>\n\n\n\n<h2 class=\"wp-block-heading\"><strong>Bingeh\u00een<\/strong><\/h2>\n\n\n\n<p>Dema ku niv\u00eesan kurt dike, AI niv\u00eesek kurttir derdixe an j\u00ee \u00e7\u00eadike ku peyam\u00ean bingeh\u00een \u00ean or\u00eej\u00eenal\u00ea dihew\u00eene.<\/p>\n\n\n\n<ul class=\"wp-block-list\">\n<li><strong>Kurteya berfireh:<\/strong>&nbsp;Hevok an j\u00ee be\u015f\u00ean gir\u00eeng bi awayek\u00ee b\u00eajey\u00ee t\u00eane kop\u00ee kirin.<\/li>\n\n\n\n<li><strong>Kurteya kurtey\u00ea:<\/strong>&nbsp;AI naverok\u00ea bi gotin\u00ean xwe ji n\u00fb ve diniv\u00eese. Ew pir caran xwezay\u00eetir xuya dikin, l\u00ea hewcey\u00ea vekol\u00eenek baldar in.<\/li>\n<\/ul>\n\n\n\n<hr class=\"wp-block-separator has-alpha-channel-opacity\"\/>\n\n\n\n<h2 class=\"wp-block-heading\"><strong>Qad\u00ean ser\u00eel\u00eadan\u00ea \u00fb karan\u00een\u00ean gengaz<\/strong><\/h2>\n\n\n\n<ul class=\"wp-block-list\">\n<li><strong>Blogniv\u00ees\u00ean civ\u00een\u00ea:<\/strong>&nbsp;Kurtebirrek bilez \u00fb h\u00easan-f\u00eamkirin\u00ea ji bo t\u00eem an j\u00ee destey\u00ea.<\/li>\n\n\n\n<li><strong>Raport\u00ean dir\u00eaj:<\/strong>&nbsp;\u00c7\u00eakirina kurteyek\u00ea.<\/li>\n\n\n\n<li><strong>Hevpeyv\u00een:<\/strong>&nbsp;P\u00ea\u015fgotinek li ser daxuyaniy\u00ean sereke.<\/li>\n\n\n\n<li><strong>L\u00eakol\u00een:<\/strong>&nbsp;Kurteya encam\u00ean l\u00eakol\u00een\u00ean aloz.<\/li>\n\n\n\n<li><strong>T\u00eakiliy\u00ean Gi\u015ft\u00ee:<\/strong>&nbsp;Guhertoy\u00ean kurt ji bo n\u00fb\u00e7enameyan an medyaya civak\u00ee.<\/li>\n<\/ul>\n\n\n\n<hr class=\"wp-block-separator has-alpha-channel-opacity\"\/>\n\n\n\n<h2 class=\"wp-block-heading\"><strong>Prosed\u00fbra gav-bi-gav<\/strong><\/h2>\n\n\n\n<h3 class=\"wp-block-heading\">Gav 1: Koma hedef \u00fb karan\u00eena mebestkir\u00ee diyar bikin<\/h3>\n\n\n\n<ul class=\"wp-block-list\">\n<li>Div\u00ea kurtename di hundir de an j\u00ee di raya gi\u015ft\u00ee de were bikaran\u00een?<\/li>\n\n\n\n<li>Gelo div\u00ea ew bi awayek\u00ee kurt \u00fb bi xalan were formulekirin, an j\u00ee bi hevok\u00ean temam?<\/li>\n<\/ul>\n\n\n\n<h3 class=\"wp-block-heading\">Gav 2: Niv\u00eesara or\u00eej\u00eenal amade bikin<\/h3>\n\n\n\n<ul class=\"wp-block-list\">\n<li>Protokola tevah\u00ee p\u00ea\u015fk\u00ea\u015f bikin.<\/li>\n\n\n\n<li>Agahiy\u00ean an nav\u00ean nepen\u00ee kontrol bikin.<\/li>\n<\/ul>\n\n\n\n<h3 class=\"wp-block-heading\">P\u00eangava 3: Daxwazek ji AI-\u00ea re \u00e7\u00eabikin<\/h3>\n\n\n\n<p>Kurteyek ba\u015f a kurtas\u00ee div\u00ea h\u00eaman\u00ean j\u00ear\u00een di nav xwe de bigire:<\/p>\n\n\n\n<ul class=\"wp-block-list\">\n<li><strong>Curey\u00ea niv\u00ees\u00ea:<\/strong>&nbsp;m\u00eenak qeyd\u00ean civ\u00eenan, gotar\u00ean pispor.<\/li>\n\n\n\n<li><strong>Dir\u00eajah\u00ee \u00fb asta h\u00fbrguliy\u00ea:<\/strong>&nbsp;Div\u00ea pir kurt be (m\u00eenak, 5 hevok) an j\u00ee berfirehtir be?<\/li>\n\n\n\n<li><strong>\u00c7ap:<\/strong>&nbsp;Niv\u00eesa berdewam an xal\u00ean guleyan?<\/li>\n<\/ul>\n\n\n\n<h3 class=\"wp-block-heading\">Gav 4: Encam\u00ea kontrol bikin<\/h3>\n\n\n\n<ul class=\"wp-block-list\">\n<li>Rastb\u00fbna rastiy\u00ea pi\u015ftrast bikin.<\/li>\n\n\n\n<li>Li gor\u00ee p\u00eaw\u00eestiy\u00ea h\u00fbrguliyan l\u00ea z\u00eade bikin an kurt bikin.<\/li>\n<\/ul>\n\n\n\n<h3 class=\"wp-block-heading\">P\u00eangava 5: Kurtey\u00ea tomar bike \u00fb bikar b\u00eene<\/h3>\n\n\n\n<ul class=\"wp-block-list\">\n<li>Di belgey\u00ean civ\u00een\u00ea de entegre bibin.<\/li>\n\n\n\n<li>Ji bo e-nameyan, raporan, an p\u00ea\u015fk\u00ea\u015fkirinan bikar b\u00eenin.<\/li>\n<\/ul>\n\n\n\n<hr class=\"wp-block-separator has-alpha-channel-opacity\"\/>\n\n\n\n<h2 class=\"wp-block-heading\">Nim\u00fbneya c\u00eehana rast\u00een<\/h2>\n\n\n\n<h3 class=\"wp-block-heading\">senaryo<\/h3>\n\n\n\n<p>R\u00eaxistinek\u00ea ji civ\u00eeneke t\u00eem\u00ea kurteyek ji 15 r\u00fbpel\u00ee \u00e7\u00eakiriye. Niha, ji bo bulteneke navxwey\u00ee kurteyek p\u00eaw\u00eest e.<\/p>\n\n\n\n<h3 class=\"wp-block-heading\">Daxwaza AI-\u00ea bike<\/h3>\n\n\n\n<blockquote class=\"wp-block-quote is-layout-flow wp-block-quote-is-layout-flow\">\n<p>&quot;Zeb\u00fbr\u00ean civ\u00een\u00ea y\u00ean 15 r\u00fbpel\u00ee y\u00ean p\u00eavekir\u00ee her\u00ee z\u00eade di 15 hevokan de kurte bikin. Mijar\u00ean sereke, encam\u00ean sereke \u00fb kar\u00ean p\u00ea\u015feroj\u00ea behs bikin. Zimanek\u00ee zelal \u00fb h\u00easan bikar b\u00eenin da ku hem\u00ee endam\u00ean t\u00eem\u00ea bi h\u00easan\u00ee f\u00eam bikin.&quot;<\/p>\n<\/blockquote>\n\n\n\n<hr class=\"wp-block-separator has-alpha-channel-opacity\"\/>\n\n\n\n<h2 class=\"wp-block-heading\">Xelas\u00ee<\/h2>\n\n\n\n<p>AI dikare bi lez \u00fb bez \u00fb bi p\u00eabawer\u00ee niv\u00ees\u00ean pir dir\u00eaj j\u00ee veguher\u00eene kurtey\u00ean bi h\u00easan\u00ee t\u00eagih\u00ee\u015ft\u00ee. Ev zelaliy\u00ea ba\u015ftir dike, ragihandina navxwey\u00ee p\u00ea\u015f dixe, \u00fb wext\u00ea h\u00eaja teser\u00fbf dike - nemaze dema ku meriv bi protokol\u00ean civ\u00een an konferans\u00ean berfireh re mij\u00fbl dibe.<\/p>\n\n\n\n<hr class=\"wp-block-separator has-alpha-channel-opacity\"\/>\n\n\n\n<h2 class=\"wp-block-heading\">Gir\u00eadan\u00ean din<\/h2>\n\n\n\n<figure class=\"wp-block-table is-style-stripes text-align-left\"><table class=\"has-fixed-layout\"><tbody><tr><td><a href=\"https:\/\/lindy.ai\" target=\"_blank\">Lindy Pro<\/a><\/td><td>Niv\u00ees \u00fb belgey\u00ean dir\u00eaj kurte dike - rasterast ji bo deqeyan an raporan t\u00ea bikar an\u00een.<\/td><\/tr><tr><td><a href=\"https:\/\/claude.ai\" target=\"_blank\">Claude Pro<\/a><\/td><td>Bi saya pencereya xwe ya mezin a \u00e7ar\u00e7ovey\u00ea, ew ji bo kurtey\u00ean tevahiya pirt\u00fbkan, l\u00eakol\u00eenan, an p\u00ea\u015fniyar\u00ean projeyan \u00eedeal e.<\/td><\/tr><\/tbody><\/table><\/figure>","protected":false},"excerpt":{"rendered":"<p>Einleitung Lange Texte wie Protokolle, Berichte oder Studien sind oft schwer zug\u00e4nglich und erfordern viel Zeit beim Lesen. Gerade bei Gespr\u00e4chs- oder Sitzungsprotokollen ist es wichtig, die zentralen Inhalte schnell erfassen zu k\u00f6nnen. K\u00fcnstliche Intelligenz (KI)&nbsp;kann helfen, solche Texte automatisch zu analysieren und die wichtigsten Aussagen in einer pr\u00e4gnanten, leicht verst\u00e4ndlichen Form zusammenzufassen. Das spart [&hellip;]<\/p>","protected":false},"author":1,"featured_media":0,"comment_status":"open","ping_status":"open","sticky":false,"template":"","format":"standard","meta":{"footnotes":""},"categories":[23],"tags":[33],"class_list":["post-110","post","type-post","status-publish","format-standard","hentry","category-textbasierte-ki-anwendungen","tag-links"],"_links":{"self":[{"href":"https:\/\/yu-ki.org\/ku\/wp-json\/wp\/v2\/posts\/110","targetHints":{"allow":["GET"]}}],"collection":[{"href":"https:\/\/yu-ki.org\/ku\/wp-json\/wp\/v2\/posts"}],"about":[{"href":"https:\/\/yu-ki.org\/ku\/wp-json\/wp\/v2\/types\/post"}],"author":[{"embeddable":true,"href":"https:\/\/yu-ki.org\/ku\/wp-json\/wp\/v2\/users\/1"}],"replies":[{"embeddable":true,"href":"https:\/\/yu-ki.org\/ku\/wp-json\/wp\/v2\/comments?post=110"}],"version-history":[{"count":4,"href":"https:\/\/yu-ki.org\/ku\/wp-json\/wp\/v2\/posts\/110\/revisions"}],"predecessor-version":[{"id":516,"href":"https:\/\/yu-ki.org\/ku\/wp-json\/wp\/v2\/posts\/110\/revisions\/516"}],"wp:attachment":[{"href":"https:\/\/yu-ki.org\/ku\/wp-json\/wp\/v2\/media?parent=110"}],"wp:term":[{"taxonomy":"category","embeddable":true,"href":"https:\/\/yu-ki.org\/ku\/wp-json\/wp\/v2\/categories?post=110"},{"taxonomy":"post_tag","embeddable":true,"href":"https:\/\/yu-ki.org\/ku\/wp-json\/wp\/v2\/tags?post=110"}],"curies":[{"name":"wp","href":"https:\/\/api.w.org\/{rel}","templated":true}]}}