{"id":122,"date":"2025-01-22T11:56:39","date_gmt":"2025-01-22T11:56:39","guid":{"rendered":"https:\/\/yu-ki.org\/?p=122"},"modified":"2025-07-11T14:31:11","modified_gmt":"2025-07-11T14:31:11","slug":"text-zu-sprache","status":"publish","type":"post","link":"https:\/\/yu-ki.org\/ku\/2025\/01\/22\/text-zu-sprache\/","title":{"rendered":"Niv\u00ees bo axaftin\u00ea"},"content":{"rendered":"<h2 class=\"wp-block-heading\"><strong>E<\/strong>hundir\u00een<strong>serek\u00ee<\/strong><\/h2>\n\n\n\n<p>Veguherandina niv\u00eesa niv\u00eesk\u00ee bo ziman\u00ea axaftin\u00ea - ku pir caran wek\u00ee niv\u00ees-bi-axaftin (TTS) t\u00ea binavkirin - dih\u00eale ku naverok bi awayek\u00ee b\u00ea asteng, gih\u00ee\u015ft\u00eetir \u00fb piral\u00eetir were p\u00ea\u015fk\u00ea\u015f kirin.<\/p>\n\n\n\n<p>Bi saya zekaya s\u00fbn\u00ee (AI), deng\u00ean ku ji h\u00eala komputer\u00ea ve t\u00eane \u00e7\u00eakirin ji her dem\u00ea b\u00eatir xwezay\u00ee xuya dikin: Ew dikarin bilindahiya deng, leza axaftin\u00ea, hest \u00fb tekez\u00ea biguher\u00eenin, bi v\u00ee reng\u00ee bi real\u00eezma ec\u00eab ax\u00eaver\u00ean mirovan teql\u00eed dikin.<\/p>\n\n\n\n<hr class=\"wp-block-separator has-alpha-channel-opacity\"\/>\n\n\n\n<h2 class=\"wp-block-heading\"><strong>Bingeh\u00een<\/strong><\/h2>\n\n\n\n<p>Teknolojiy\u00ean niv\u00ees-bo-axaftin\u00ea naveroka niv\u00eesk\u00ee vediguher\u00eenin s\u00eenyal\u00ean deng\u00ee. S\u00eestem\u00ean TTS y\u00ean n\u00fbjen li ser tor\u00ean neural t\u00eane damezrandin ku \u015f\u00eawaz\u00ean axaftin\u00ea anal\u00eez dikin \u00fb ji wan deng\u00ean sentet\u00eek \u00e7\u00eadikin.<\/p>\n\n\n\n<p>Ber\u00ea, ev gelek caran mekan\u00eek\u00ee an monoton xuya dikirin - l\u00eabel\u00ea, model\u00ean AI y\u00ean \u00eeroy\u00een deng\u00ean \u00eefadeker \u00fb d\u00eenam\u00eek p\u00ea\u015fk\u00ea\u015f dikin ku dikarin hestan j\u00ee veb\u00eajin.<\/p>\n\n\n\n<hr class=\"wp-block-separator has-alpha-channel-opacity\"\/>\n\n\n\n<h2 class=\"wp-block-heading\"><strong>Qad\u00ean ser\u00eel\u00eadan\u00ea \u00fb karan\u00een\u00ean gengaz<\/strong><\/h2>\n\n\n\n<ul class=\"wp-block-list\">\n<li><strong>Gih\u00ee\u015ftin\u00ee:<\/strong>&nbsp;Fonksiyon\u00ean veguher\u00eena niv\u00ees-bo-axaftin\u00ea ji bo kes\u00ean bi k\u00eamasiy\u00ean d\u00eetin\u00ea an j\u00ee zehmetiy\u00ean xwendin\u00ea hene.<\/li>\n\n\n\n<li><strong>Derfet\u00ean perwerdehiy\u00ea:<\/strong>&nbsp;Guhertoy\u00ean deng\u00ee y\u00ean materyal\u00ean perwerdey\u00ea an p\u00ea\u015fk\u00ea\u015fkirinan.<\/li>\n\n\n\n<li><strong>T\u00eakiliy\u00ean Gi\u015ft\u00ee:<\/strong>&nbsp;\u00c7\u00eakirina daxuyaniy\u00ean deng\u00ee, podcastan, an j\u00ee muz\u00eeka v\u00eedyoy\u00ea.<\/li>\n\n\n\n<li><strong>S\u00eestem\u00ean telefon \u00fb ragihandin\u00ea:<\/strong>&nbsp;Agahiy\u00ean deng\u00ee y\u00ean otomat\u00eek di xet\u00ean germ an term\u00eenal\u00ean agahdariy\u00ea de.<\/li>\n\n\n\n<li><strong>Naveroka multimedia:<\/strong>&nbsp;V\u00eedyoy\u00ean an\u00eemasyon, v\u00eedyoy\u00ean \u015firoveker, an j\u00ee kl\u00eeb\u00ean medyaya civak\u00ee y\u00ean bi deng\u00ean sentet\u00eek.<\/li>\n<\/ul>\n\n\n\n<hr class=\"wp-block-separator has-alpha-channel-opacity\"\/>\n\n\n\n<h2 class=\"wp-block-heading\"><strong>Prosed\u00fbra gav-bi-gav<\/strong><\/h2>\n\n\n\n<h3 class=\"wp-block-heading\">P\u00eangava 1: Armanc diyar bike \u00fb bikar b\u00eene<\/h3>\n\n\n\n<ul class=\"wp-block-list\">\n<li>Div\u00ea niv\u00ees agahdar, mot\u00eeveker, an hestyar xuya bike?<\/li>\n\n\n\n<li>Pel\u00ea deng ji bo k\u00eejan kanal an medyay\u00ea ye? (m\u00eenak, podcast, v\u00eedyo, malper)<\/li>\n<\/ul>\n\n\n\n<h3 class=\"wp-block-heading\">Gav 2: Niv\u00ees\u00ea amade bikin<\/h3>\n\n\n\n<ul class=\"wp-block-list\">\n<li>Ziman\u00ea ku di naverok\u00ea de t\u00ea bikar an\u00een ba\u015ftir bike (hevok\u00ean kurttir, formulasyon\u00ean zelal).<\/li>\n\n\n\n<li>Per\u00e7ey\u00ean b\u00ea t\u00eakildar kurt bike an j\u00ee biguh\u00eare.<\/li>\n<\/ul>\n\n\n\n<h3 class=\"wp-block-heading\">P\u00eangava 3: Daxwazek ji AI-\u00ea re \u00e7\u00eabikin<\/h3>\n\n\n\n<p>Niv\u00eesek ba\u015f a ji bo axaftin\u00ea div\u00ea h\u00eaman\u00ean j\u00ear\u00een dihew\u00eene:<\/p>\n\n\n\n<ul class=\"wp-block-list\">\n<li><strong>Deng \u00fb axaftin:<\/strong>&nbsp;Div\u00ea axaftin bi k\u00eejan ziman\u00ee \u00fb bi \u00e7i deng\u00ee were kirin?<\/li>\n\n\n\n<li><strong>Deng \u00fb rew\u015f:<\/strong>&nbsp;Div\u00ea ew dostane, b\u00eaal\u00ee, mot\u00eeveker, an cidd\u00ee xuya bike?<\/li>\n\n\n\n<li><strong>Leza axaftin\u00ea \u00fb \u00eentonasyon:<\/strong>&nbsp;Heke bixwazin, ji kerema xwe diyar bikin ka h\u00fbn dixwazin deng h\u00ead\u00ee, z\u00fb, an bi navber were gotin.<\/li>\n<\/ul>\n\n\n\n<h3 class=\"wp-block-heading\">Gav 4: Pel\u00ea deng\u00ee kontrol bikin<\/h3>\n\n\n\n<ul class=\"wp-block-list\">\n<li>Li telaf\u00fbz \u00fb \u00eentonasyon\u00ea guhdar\u00ee bike.<\/li>\n\n\n\n<li>Ger hewce be, di niv\u00ees\u00ea an m\u00eehengan de sererastkirinan bikin.<\/li>\n<\/ul>\n\n\n\n<h3 class=\"wp-block-heading\">P\u00eangava 5: Pel\u00ea deng\u00ee hil\u00eenin \u00fb entegre bikin<\/h3>\n\n\n\n<ul class=\"wp-block-list\">\n<li>Bi formata xwest\u00ee (m\u00eenak, MP3, WAV) hinarde bike.<\/li>\n\n\n\n<li>W\u00ea di malper, v\u00eedyoyan, an p\u00ea\u015fk\u00ea\u015fkirinan de bic\u00eeh bikin.<\/li>\n<\/ul>\n\n\n\n<hr class=\"wp-block-separator has-alpha-channel-opacity\"\/>\n\n\n\n<h2 class=\"wp-block-heading\">Nim\u00fbneya c\u00eehana rast\u00een<\/h2>\n\n\n\n<h3 class=\"wp-block-heading\">senaryo<\/h3>\n\n\n\n<p>R\u00eaxistineke b\u00eaqezenc dixwaze dawetnameyeke deng\u00ee ji bo fest\u00eevaleke tax\u00ea tomar bike \u00fb li ser malpera xwe belav bike.<\/p>\n\n\n\n<h3 class=\"wp-block-heading\">Daxwaza AI-\u00ea bike<\/h3>\n\n\n\n<blockquote class=\"wp-block-quote is-layout-flow wp-block-quote-is-layout-flow\">\n<p>&quot;V\u00ea niv\u00eesa vexwendin\u00ea bi dengek\u00ee jin\u00eek\u00ee y\u00ea dostane \u00fb xwezay\u00ee bi Alman\u00ee bixw\u00eenin. R\u00eabazek axaftin\u00ea ya aram bipar\u00eazin \u00fb bal\u00ea biki\u015f\u00eenin ser aliy\u00ea civak\u00ee. Ev niv\u00ees ji bo vexwendinek deng\u00ee ye ku d\u00ea di malpera me de were bic\u00eehkirin.&quot;<\/p>\n<\/blockquote>\n\n\n\n<hr class=\"wp-block-separator has-alpha-channel-opacity\"\/>\n\n\n\n<h2 class=\"wp-block-heading\">Xelas\u00ee<\/h2>\n\n\n\n<p>Veguherandina niv\u00ees-bo-axaftin\u00ea bi AI re \u00eemkan\u00ean c\u00fbrbec\u00fbr vedike ji bo ku naverok b\u00eatir bih\u00eestbar \u00fb balk\u00ea\u015ftir bibe. \u00c7i ji bo gih\u00ee\u015ftin\u00ea be, t\u00eakiliy\u00ean gi\u015ft\u00ee be, an j\u00ee perwerdehiy\u00ea be - bi p\u00ea\u015fniyar\u00ean bi baldar\u00ee hatine formulekirin \u00fb amadekirina niv\u00ees\u00ea ya bi baldar\u00ee, naveroka deng\u00ee ya profesyonel dikare bi lez \u00fb bez were afirandin.<\/p>\n\n\n\n<hr class=\"wp-block-separator has-alpha-channel-opacity\"\/>\n\n\n\n<h2 class=\"wp-block-heading\">Gir\u00eadan\u00ean din<\/h2>\n\n\n\n<figure class=\"wp-block-table is-style-stripes text-align-left\"><table class=\"has-fixed-layout\"><tbody><tr><td><a href=\"https:\/\/voiceflow.com\" target=\"_blank\">Deng\u00ea Herik\u00eena Pro<\/a><\/td><td>Al\u00eekar\u00ean deng\u00ee y\u00ean xwe biafir\u00eenin - ji bo Alexa, Al\u00eekar\u00ea Google an j\u00ee navr\u00fby\u00ean web\u00ea.<\/td><\/tr><\/tbody><\/table><\/figure>","protected":false},"excerpt":{"rendered":"<p>Einleitung Die Umwandlung von geschriebenem Text in gesprochene Sprache \u2014 oft als Text-to-Speech&nbsp;(TTS) bezeichnet \u2014 erm\u00f6glicht es, Inhalte barrierefrei, zug\u00e4nglicher und vielseitiger zu pr\u00e4sentieren. Dank&nbsp;K\u00fcnstlicher Intelligenz (KI)&nbsp;klingen computergenerierte Stimmen heute nat\u00fcrlicher als je zuvor: Sie k\u00f6nnen Tonlage, Sprechtempo, Emotion und Betonung anpassen und damit menschliche Sprecher*innen erstaunlich realistisch imitieren. Grundlagen Bei Text-zu-Sprache-Technologien werden schriftliche Inhalte [&hellip;]<\/p>","protected":false},"author":1,"featured_media":0,"comment_status":"open","ping_status":"open","sticky":false,"template":"","format":"standard","meta":{"footnotes":""},"categories":[25],"tags":[33],"class_list":["post-122","post","type-post","status-publish","format-standard","hentry","category-sprachbasierte-ki-anwendungen","tag-links"],"_links":{"self":[{"href":"https:\/\/yu-ki.org\/ku\/wp-json\/wp\/v2\/posts\/122","targetHints":{"allow":["GET"]}}],"collection":[{"href":"https:\/\/yu-ki.org\/ku\/wp-json\/wp\/v2\/posts"}],"about":[{"href":"https:\/\/yu-ki.org\/ku\/wp-json\/wp\/v2\/types\/post"}],"author":[{"embeddable":true,"href":"https:\/\/yu-ki.org\/ku\/wp-json\/wp\/v2\/users\/1"}],"replies":[{"embeddable":true,"href":"https:\/\/yu-ki.org\/ku\/wp-json\/wp\/v2\/comments?post=122"}],"version-history":[{"count":6,"href":"https:\/\/yu-ki.org\/ku\/wp-json\/wp\/v2\/posts\/122\/revisions"}],"predecessor-version":[{"id":513,"href":"https:\/\/yu-ki.org\/ku\/wp-json\/wp\/v2\/posts\/122\/revisions\/513"}],"wp:attachment":[{"href":"https:\/\/yu-ki.org\/ku\/wp-json\/wp\/v2\/media?parent=122"}],"wp:term":[{"taxonomy":"category","embeddable":true,"href":"https:\/\/yu-ki.org\/ku\/wp-json\/wp\/v2\/categories?post=122"},{"taxonomy":"post_tag","embeddable":true,"href":"https:\/\/yu-ki.org\/ku\/wp-json\/wp\/v2\/tags?post=122"}],"curies":[{"name":"wp","href":"https:\/\/api.w.org\/{rel}","templated":true}]}}