{"id":96,"date":"2025-01-22T10:55:35","date_gmt":"2025-01-22T10:55:35","guid":{"rendered":"https:\/\/yu-ki.org\/?p=96"},"modified":"2025-07-11T14:51:29","modified_gmt":"2025-07-11T14:51:29","slug":"textverarbeitung-und-generierung","status":"publish","type":"post","link":"https:\/\/yu-ki.org\/ku\/2025\/01\/22\/textverarbeitung-und-generierung\/","title":{"rendered":"P\u00eavajo \u00fb \u00e7\u00eakirina niv\u00ees\u00ea"},"content":{"rendered":"<h2 class=\"wp-block-heading\">P\u00ea\u015fk\u00ea\u015f<\/h2>\n\n\n\n<p>P\u00eavajo \u00fb afirandina niv\u00eesan yek ji \u00e7alakiy\u00ean her\u00ee kevin \u00fb navend\u00ee y\u00ean di ragihandin \u00fb kar\u00ea rojane y\u00ea mirovan de ye. L\u00eabel\u00ea, bi hatina zekaya s\u00fbn\u00ee (AI), \u00eemkan\u00ean di v\u00ee war\u00ee de bi bingeh\u00een guher\u00eene. \u00cero, AI ne ten\u00ea dikare niv\u00eesan anal\u00eez bike \u00fb rast bike, l\u00ea di heman dem\u00ea de bi awayek\u00ee serbixwe naveroka n\u00fb j\u00ee \u00e7\u00eabike - ji kurtey\u00ean h\u00easan bigire heya gotar\u00ean afir\u00eener an helbestan.<\/p>\n\n\n\n<p>Ev gotar nih\u00ear\u00eenek gi\u015ft\u00ee li ser bingeh, fonksiyonel\u00eet\u00ee, qad\u00ean ser\u00eel\u00eadan\u00ea, derfet \u00fb xeterey\u00ean p\u00eavajo \u00fb \u00e7\u00eakirina niv\u00ees\u00ea ya bi pi\u015ftgiriya AI p\u00ea\u015fk\u00ea\u015f dike.<\/p>\n\n\n\n<hr class=\"wp-block-separator has-alpha-channel-opacity\"\/>\n\n\n\n<h2 class=\"wp-block-heading\"><strong>P\u00eanas\u00een \u00fb \u015eirovekirina Terman<\/strong><\/h2>\n\n\n\n<ul class=\"wp-block-list\">\n<li><strong>P\u00eavajoya niv\u00ees\u00ea bi AI-\u00ea re<\/strong>&nbsp;Ev hem\u00fb peywir\u00ean ku t\u00ea de niv\u00ees\u00ean hey\u00ee bixweber t\u00eane anal\u00eezkirin, ba\u015ftirkirin, an ji n\u00fb ve t\u00eane sazkirin dihew\u00eene - m\u00eenak kontrolkirina r\u00eaziman\u00ea, rastkirina \u015f\u00eawaz\u00ea, h\u00easankirin an kurtkirin.<\/li>\n\n\n\n<li><strong>\u00c7\u00eakirina niv\u00ees\u00ea bi AI-\u00ea re<\/strong>&nbsp;Ev behsa \u015fiyana pergal\u00ean AI dike ku naveroka bi tevah\u00ee n\u00fb biafir\u00eenin. Mak\u00eene li gor\u00ee daney\u00ean perwerdey\u00ea \u00fb r\u00eawerz\u00ean p\u00ea\u015fwext (p\u00ea\u015fniyaran) bi awayek\u00ee serbixwe &quot;diniv\u00eese&quot;.<\/li>\n<\/ul>\n\n\n\n<hr class=\"wp-block-separator has-alpha-channel-opacity\"\/>\n\n\n\n<h2 class=\"wp-block-heading\"><strong>Pa\u015fxane \u00fb P\u00ea\u015fve\u00e7\u00fbn<\/strong><\/h2>\n\n\n\n<p>S\u00eestem\u00ean niv\u00ees\u00ea y\u00ean p\u00ea\u015f\u00een \u00ean li ser bingeha AI-\u00ea kontrolker\u00ean rastniv\u00ees\u00een \u00fb r\u00eaziman\u00ea y\u00ean h\u00easan b\u00fbn. L\u00eabel\u00ea, bi p\u00ea\u015fketin\u00ean di P\u00eavajoya Ziman\u00ea Xwezay\u00ee (NLP) \u00fb tor\u00ean neural de, ev s\u00eestem her ku di\u00e7e bih\u00eaztir dibin.<\/p>\n\n\n\n<p>Model\u00ean ziman\u00ee y\u00ean mezin \u00ean wek\u00ee GPT (Generative Pre-trained Transformer) n\u00ee\u015fan dane ku mak\u00eene \u00ead\u00ee ne ten\u00ea dikarin xeletiyan bib\u00eenin, l\u00ea di heman dem\u00ea de dikarin niv\u00ees\u00ean bi \u015f\u00eawaz\u00ee sof\u00eest\u00eeke \u00fb gir\u00eaday\u00ee \u00e7ar\u00e7ov\u00ea j\u00ee \u00e7\u00eabikin. V\u00ea p\u00ea\u015fketin\u00ea di sal\u00ean daw\u00ee de gelek war veguherandine, ji rojnameger\u00ee \u00fb pazarariy\u00ea bigire heya perwerde \u00fb zanist\u00ea.<\/p>\n\n\n\n<hr class=\"wp-block-separator has-alpha-channel-opacity\"\/>\n\n\n\n<h2 class=\"wp-block-heading\"><strong>Kar \/ Prens\u00eeb<\/strong><\/h2>\n\n\n\n<p>S\u00eestem\u00ean AI ji bo p\u00eavajo \u00fb \u00e7\u00eakirina niv\u00ees\u00ea gelek niv\u00ees\u00ea anal\u00eez dikin da ku avah\u00ee, qalib \u00fb \u015f\u00eawaz\u00ean ziman f\u00ear bibin.<\/p>\n\n\n\n<p>Prens\u00eeb\u00ean sereke ev in:<\/p>\n\n\n\n<ul class=\"wp-block-list\">\n<li><strong>P\u00ea\u015fb\u00een\u00eekirina peyv\u00ean din:<\/strong>&nbsp;Li gor\u00ee niv\u00eesa heta niha, model &quot;\u015f\u00eeret&quot; dide ku div\u00ea \u00eefadeya guncaw a din \u00e7i be.<\/li>\n\n\n\n<li><strong>P\u00eavajoya kontekst\u00ea:<\/strong>&nbsp;Model\u00ean n\u00fbjen ji bo \u00e7\u00eakirina daxuyaniy\u00ean hevgirt\u00ee tevahiya paragrafan an j\u00ee belgey\u00ean temam li ber \u00e7avan digirin.<\/li>\n\n\n\n<li><strong>Adaptasyon li gor\u00ee r\u00eawerzan:<\/strong>&nbsp;Daxwaz dih\u00ealin ku ton, dir\u00eajah\u00ee \u00fb asta h\u00fbrguliy\u00ean niv\u00eesan were kontrol kirin.<\/li>\n<\/ul>\n\n\n\n<hr class=\"wp-block-separator has-alpha-channel-opacity\"\/>\n\n\n\n<h2 class=\"wp-block-heading\">Qad\u00ean ser\u00eel\u00eadan\u00ea<\/h2>\n\n\n\n<ul class=\"wp-block-list\">\n<li><strong>Rojnameger\u00ee \u00fb medyay\u00ea:<\/strong>&nbsp;Afirandina gotaran, kurteyan, an sernavan.<\/li>\n\n\n\n<li><strong>Bazarkirin:<\/strong>&nbsp;Niv\u00ees\u00ean reklam\u00ea, slogan, danas\u00een\u00ean hilber\u00ea.<\/li>\n\n\n\n<li><strong>Zanyar\u00ee:<\/strong>&nbsp;Afirandina otomat\u00eek\u00ee ya rah\u00eanan\u00ean prat\u00eek\u00ea an j\u00ee materyal\u00ean f\u00earb\u00fbn\u00ea.<\/li>\n\n\n\n<li><strong>Balke\u015f b\u00fbn:<\/strong>&nbsp;Bersiv\u00ean otomat\u00eek\u00ee y\u00ean ji bo pirs\u00ean ku pir caran t\u00eane pirs\u00een.<\/li>\n\n\n\n<li><strong>Bir\u00eavebir\u00ee:<\/strong>&nbsp;Name, rapor, an \u015fablon\u00ean standard\u00eezekir\u00ee.<\/li>\n\n\n\n<li><strong>Niv\u00eesandina afir\u00eener:<\/strong>&nbsp;Helbest, \u00e7\u00eerok, axaftin, an j\u00ee post\u00ean medyaya civak\u00ee.<\/li>\n<\/ul>\n\n\n\n<hr class=\"wp-block-separator has-alpha-channel-opacity\"\/>\n\n\n\n<h2 class=\"wp-block-heading\">Derfet \u00fb Potansiyel<\/h2>\n\n\n\n<ul class=\"wp-block-list\">\n<li><strong>Teser\u00fbfa dem\u00ea:<\/strong>&nbsp;Kar\u00ean r\u00fbt\u00een \u00ean wek\u00ee sererastkirin an j\u00ee p\u00ea\u015fn\u00fbmey\u00ean destp\u00eak\u00ea y\u00ean niv\u00ees\u00ea dikarin werin otomat\u00eekkirin.<\/li>\n\n\n\n<li><strong>Gih\u00ee\u015ftin\u00ee:<\/strong>&nbsp;Niv\u00ees dikarin bixweber werin h\u00easankirin an j\u00ee wergera wan bo ziman\u00ean din be.<\/li>\n\n\n\n<li><strong>Pi\u015ftgiriya afir\u00eener:<\/strong>&nbsp;Mirov raman \u00fb te\u015fw\u00eeq\u00ean n\u00fb werdigirin, m\u00eenak\u00ee di p\u00ea\u015fxistina konsept\u00ea de.<\/li>\n\n\n\n<li><strong>K\u00eamkirina l\u00ea\u00e7\u00fbn\u00ea:<\/strong>&nbsp;Ji bo pirsgir\u00eak\u00ean peyvan \u00ean h\u00easan \u00e7avkaniy\u00ean k\u00eamtir hewce ne.<\/li>\n<\/ul>\n\n\n\n<hr class=\"wp-block-separator has-alpha-channel-opacity\"\/>\n\n\n\n<h2 class=\"wp-block-heading\">R\u00eesk \u00fb Rexne<\/h2>\n\n\n\n<ul class=\"wp-block-list\">\n<li><strong>Kal\u00eete \u00fb rastb\u00fbn:<\/strong>&nbsp;Ne hem\u00ee naveroka \u00e7\u00eakir\u00ee rast an domdar e.<\/li>\n\n\n\n<li><strong>Pirsgir\u00eak\u00ean maf\u00ean kop\u00eekirin\u00ea:<\/strong>&nbsp;Dibe ku niv\u00ees bi nezan\u00ee li ser naveroka dervey\u00ee bin.<\/li>\n\n\n\n<li><strong>Windab\u00fbna deng\u00ea mirovan:<\/strong>&nbsp;Xetereyek heye ku niv\u00ees keyf\u00ee an j\u00ee standard\u00eeze xuya bikin.<\/li>\n\n\n\n<li><strong>Man\u00eepulasyon:<\/strong>&nbsp;Xetera n\u00fb\u00e7ey\u00ean sexte bi r\u00eaya naveroka ku bixweber t\u00ea \u00e7\u00eakirin.<\/li>\n<\/ul>\n\n\n\n<hr class=\"wp-block-separator has-alpha-channel-opacity\"\/>\n\n\n\n<h2 class=\"wp-block-heading\">Xelas\u00ee<\/h2>\n\n\n\n<p>P\u00eavajo \u00fb \u00e7\u00eakirina niv\u00ees\u00ea ya bi h\u00eaza AI potansiyeleke mezin ji bo kar\u00eeger\u00ee, afir\u00eener\u00ee \u00fb be\u015fdarb\u00fbn\u00ea p\u00ea\u015fk\u00ea\u015f dike. Di heman dem\u00ea de, nirxandina naveroka bi baldar\u00ee \u00fb karan\u00eena berpirsiyar a teknolojiy\u00ea ji bo misogerkirina p\u00eevan\u00ean exlaq\u00ee, qan\u00fbn\u00ee \u00fb kal\u00eetey\u00ea gir\u00eeng e.<\/p>\n\n\n\n<p>Di p\u00ea\u015feroj\u00ea de, s\u00eestem\u00ean bi v\u00ee reng\u00ee w\u00ea bi \u00eehtimaleke mezin h\u00een b\u00eatir di jiyana rojane de werin entegrekirin - hem di \u00e7ar\u00e7ovey\u00ean p\u00ee\u015fey\u00ee \u00fb hem j\u00ee di war\u00ea taybet de.<\/p>\n\n\n\n<hr class=\"wp-block-separator has-alpha-channel-opacity\"\/>\n\n\n\n<h2 class=\"wp-block-heading\">Gir\u00eadan\u00ean din<\/h2>\n\n\n\n<figure class=\"wp-block-table is-style-stripes text-align-left\"><table class=\"has-fixed-layout\"><tbody><tr><td><a href=\"https:\/\/chat.openai.com\" target=\"_blank\">ChatGPT Plus<\/a><\/td><td>Raman\u00ean niv\u00ees\u00ea, p\u00ea\u015fniyar\u00ean avah\u00eesaziy\u00ea, tevahiya paragraf an gotaran - Berheman\u00eena niv\u00ees\u00ea ya bi pi\u015ftgiriya AI b\u00eay\u00ee blok\u00ean destp\u00eak\u00ea.<\/td><\/tr><tr><td><a href=\"https:\/\/copy.ai\" target=\"_blank\">Destp\u00eaker\u00ea Copy.ai<\/a><\/td><td>Modul\u00ean niv\u00ees\u00ea, \u015fablon, raman - bi taybet\u00ee ji bo b\u00fbyer\u00ean niv\u00eesandin\u00ea y\u00ean dubare bik\u00ear in.<\/td><\/tr><\/tbody><\/table><\/figure>\n\n\n\n<p><\/p>","protected":false},"excerpt":{"rendered":"<p>Einleitung Die Verarbeitung und Erstellung von Texten ist eine der \u00e4ltesten und zentralsten T\u00e4tigkeiten im menschlichen Kommunikations- und Arbeitsalltag. Mit dem Aufkommen von&nbsp;K\u00fcnstlicher Intelligenz (KI)&nbsp;haben sich die M\u00f6glichkeiten in diesem Bereich jedoch grundlegend ver\u00e4ndert. KI kann heute nicht nur Texte analysieren und korrigieren, sondern auch eigenst\u00e4ndig neue Inhalte generieren \u2014 von einfachen Zusammenfassungen bis hin [&hellip;]<\/p>","protected":false},"author":1,"featured_media":0,"comment_status":"open","ping_status":"open","sticky":false,"template":"","format":"standard","meta":{"footnotes":""},"categories":[21],"tags":[29],"class_list":["post-96","post","type-post","status-publish","format-standard","hentry","category-allgemeines-und-einfuehrungen","tag-ki"],"_links":{"self":[{"href":"https:\/\/yu-ki.org\/ku\/wp-json\/wp\/v2\/posts\/96","targetHints":{"allow":["GET"]}}],"collection":[{"href":"https:\/\/yu-ki.org\/ku\/wp-json\/wp\/v2\/posts"}],"about":[{"href":"https:\/\/yu-ki.org\/ku\/wp-json\/wp\/v2\/types\/post"}],"author":[{"embeddable":true,"href":"https:\/\/yu-ki.org\/ku\/wp-json\/wp\/v2\/users\/1"}],"replies":[{"embeddable":true,"href":"https:\/\/yu-ki.org\/ku\/wp-json\/wp\/v2\/comments?post=96"}],"version-history":[{"count":7,"href":"https:\/\/yu-ki.org\/ku\/wp-json\/wp\/v2\/posts\/96\/revisions"}],"predecessor-version":[{"id":534,"href":"https:\/\/yu-ki.org\/ku\/wp-json\/wp\/v2\/posts\/96\/revisions\/534"}],"wp:attachment":[{"href":"https:\/\/yu-ki.org\/ku\/wp-json\/wp\/v2\/media?parent=96"}],"wp:term":[{"taxonomy":"category","embeddable":true,"href":"https:\/\/yu-ki.org\/ku\/wp-json\/wp\/v2\/categories?post=96"},{"taxonomy":"post_tag","embeddable":true,"href":"https:\/\/yu-ki.org\/ku\/wp-json\/wp\/v2\/tags?post=96"}],"curies":[{"name":"wp","href":"https:\/\/api.w.org\/{rel}","templated":true}]}}