{"id":116,"date":"2025-01-22T11:55:26","date_gmt":"2025-01-22T11:55:26","guid":{"rendered":"https:\/\/yu-ki.org\/?p=116"},"modified":"2025-07-11T14:31:12","modified_gmt":"2025-07-11T14:31:12","slug":"bildskalierung","status":"publish","type":"post","link":"https:\/\/yu-ki.org\/uk\/2025\/01\/22\/bildskalierung\/","title":{"rendered":"\u041c\u0430\u0441\u0448\u0442\u0430\u0431\u0443\u0432\u0430\u043d\u043d\u044f \u0437\u043e\u0431\u0440\u0430\u0436\u0435\u043d\u043d\u044f"},"content":{"rendered":"<h2 class=\"wp-block-heading\">\u0412\u0441\u0442\u0443\u043f<\/h2>\n\n\n\n<p>Die Skalierung von Bildern \u2013 also das Vergr\u00f6\u00dfern oder Verkleinern ohne Qualit\u00e4tsverlust \u2013 war lange Zeit eine der gr\u00f6\u00dften Herausforderungen in der digitalen Bildbearbeitung. Klassische Methoden f\u00fchrten oft zu unscharfen oder verpixelten Ergebnissen.<\/p>\n\n\n\n<p>K\u00fcnstliche Intelligenz (KI)&nbsp;erm\u00f6glicht inzwischen, Bilder so zu skalieren, dass sie scharf und detailreich bleiben, auch wenn sie stark vergr\u00f6\u00dfert werden. Dadurch k\u00f6nnen \u00e4ltere oder kleine Bilddateien f\u00fcr Druck, Pr\u00e4sentationen oder Social Media wieder nutzbar gemacht werden.<\/p>\n\n\n\n<hr class=\"wp-block-separator has-alpha-channel-opacity\"\/>\n\n\n\n<h2 class=\"wp-block-heading\"><strong>\u041e\u0441\u043d\u043e\u0432\u0430<\/strong><\/h2>\n\n\n\n<p>Traditionell wurden Bilder durch einfache Interpolation (z.\u202fB. bilinear oder bikubisch) vergr\u00f6\u00dfert, was h\u00e4ufig zu Qualit\u00e4tseinbu\u00dfen f\u00fchrte.<\/p>\n\n\n\n<p>KI-gest\u00fctzte Bildskalierung, oft als \u201eSuper-Resolution\u201c bezeichnet, nutzt neuronale Netzwerke, die aus gro\u00dfen Mengen an Bilddaten gelernt haben, fehlende Details realistisch zu rekonstruieren. Dabei werden Strukturen, Konturen und feine Texturen erg\u00e4nzt oder verbessert.<\/p>\n\n\n\n<hr class=\"wp-block-separator has-alpha-channel-opacity\"\/>\n\n\n\n<h2 class=\"wp-block-heading\"><strong>\u0421\u0444\u0435\u0440\u0438 \u0437\u0430\u0441\u0442\u043e\u0441\u0443\u0432\u0430\u043d\u043d\u044f \u0442\u0430 \u043c\u043e\u0436\u043b\u0438\u0432\u0456 \u0432\u0430\u0440\u0456\u0430\u043d\u0442\u0438 \u0432\u0438\u043a\u043e\u0440\u0438\u0441\u0442\u0430\u043d\u043d\u044f<\/strong><\/h2>\n\n\n\n<ul class=\"wp-block-list\">\n<li><strong>Web &amp; Social Media:<\/strong>&nbsp;Verbesserung \u00e4lterer Logos oder Grafiken f\u00fcr neue Formate.<\/li>\n\n\n\n<li><strong>Druck:<\/strong>&nbsp;Vorbereitung kleiner Bilder f\u00fcr gro\u00dfformatige Plakate oder Banner.<\/li>\n\n\n\n<li><strong>Archivierung:<\/strong>&nbsp;Restaurierung historischer Fotos in h\u00f6herer Aufl\u00f6sung.<\/li>\n\n\n\n<li><strong>\u041c\u0430\u0440\u043a\u0435\u0442\u0438\u043d\u0433:<\/strong>&nbsp;Nachbearbeitung von Produktfotos f\u00fcr Online-Shops.<\/li>\n<\/ul>\n\n\n\n<hr class=\"wp-block-separator has-alpha-channel-opacity\"\/>\n\n\n\n<h2 class=\"wp-block-heading\">\u041f\u043e\u043a\u0440\u043e\u043a\u043e\u0432\u0430 \u043f\u0440\u043e\u0446\u0435\u0434\u0443\u0440\u0430<\/h2>\n\n\n\n<h3 class=\"wp-block-heading\">Schritt 1: Ziel festlegen<\/h3>\n\n\n\n<ul class=\"wp-block-list\">\n<li>Soll das Bild nur leicht verbessert oder stark vergr\u00f6\u00dfert werden?<\/li>\n\n\n\n<li>F\u00fcr welchen Zweck? (z.\u202fB. Druck, digitale Pr\u00e4sentation)<\/li>\n<\/ul>\n\n\n\n<h3 class=\"wp-block-heading\">Schritt 2: Bild ausw\u00e4hlen und vorbereiten<\/h3>\n\n\n\n<ul class=\"wp-block-list\">\n<li>Originaldatei in bestm\u00f6glicher Qualit\u00e4t bereithalten.<\/li>\n\n\n\n<li>Pr\u00fcfen, ob rechtliche Nutzungsrechte vorliegen.<\/li>\n<\/ul>\n\n\n\n<h3 class=\"wp-block-heading\">\u041a\u0440\u043e\u043a 3: \u0421\u0444\u043e\u0440\u043c\u0443\u043b\u044e\u0439\u0442\u0435 \u0437\u0430\u043f\u0438\u0442 \u0434\u043e \u0428\u0406<\/h3>\n\n\n\n<p>A&nbsp;<strong>\u0413\u0430\u0440\u043d\u0430 \u043f\u0456\u0434\u043a\u0430\u0437\u043a\u0430.<\/strong>&nbsp;f\u00fcr Bildskalierung sollte folgende Elemente enthalten:<\/p>\n\n\n\n<ul class=\"wp-block-list\">\n<li><strong>Gew\u00fcnschte Endgr\u00f6\u00dfe:<\/strong>&nbsp;In Prozent oder Pixeln (z.\u202fB. \u201eSkaliere auf 4000 \u00d7 4000 Pixel\u201c).<\/li>\n\n\n\n<li><strong>Wichtige Bilddetails:<\/strong>&nbsp;Falls bestimmte Bereiche besonders scharf bleiben sollen (z.\u202fB. Gesichter, Logos).<\/li>\n\n\n\n<li><strong>Stil oder Detailgrad:<\/strong>&nbsp;Soll es m\u00f6glichst fotorealistisch oder weichgezeichnet wirken?<\/li>\n<\/ul>\n\n\n\n<h3 class=\"wp-block-heading\">Schritt 4: Vorschau pr\u00fcfen<\/h3>\n\n\n\n<ul class=\"wp-block-list\">\n<li>KI-generiertes Ergebnis pr\u00fcfen.<\/li>\n\n\n\n<li>Eventuelle Artefakte oder Detailverluste erkennen.<\/li>\n<\/ul>\n\n\n\n<h3 class=\"wp-block-heading\">Schritt 5: Finale Version speichern<\/h3>\n\n\n\n<ul class=\"wp-block-list\">\n<li>Passendes Format w\u00e4hlen.<\/li>\n\n\n\n<li>Sicherungskopie ablegen.<\/li>\n<\/ul>\n\n\n\n<hr class=\"wp-block-separator has-alpha-channel-opacity\"\/>\n\n\n\n<h2 class=\"wp-block-heading\">\u041f\u0440\u0438\u043a\u043b\u0430\u0434 \u0437 \u043f\u0440\u0430\u043a\u0442\u0438\u043a\u0438<\/h2>\n\n\n\n<h3 class=\"wp-block-heading\">\u0421\u0446\u0435\u043d\u0430\u0440\u0456\u0439<\/h3>\n\n\n\n<p>Eine Organisation m\u00f6chte ein altes Teamfoto aus dem Jahr 2005 in hoher Qualit\u00e4t f\u00fcr ein Jubil\u00e4umsplakat drucken lassen.<\/p>\n\n\n\n<h3 class=\"wp-block-heading\">\u041f\u0456\u0434\u043a\u0430\u0437\u043a\u0430 \u0434\u043b\u044f \u0448\u0442\u0443\u0447\u043d\u043e\u0433\u043e \u0456\u043d\u0442\u0435\u043b\u0435\u043a\u0442\u0443<\/h3>\n\n\n\n<blockquote class=\"wp-block-quote is-layout-flow wp-block-quote-is-layout-flow\">\n<p>\u201eSkaliere das angeh\u00e4ngte Gruppenfoto auf eine Breite von 5000 Pixeln. Achte besonders darauf, dass alle Gesichter erkennbar und scharf bleiben. Bewahre die urspr\u00fcnglichen Farben und vermeide k\u00fcnstliche Gl\u00e4ttung.\u201c<\/p>\n<\/blockquote>\n\n\n\n<hr class=\"wp-block-separator has-alpha-channel-opacity\"\/>\n\n\n\n<h2 class=\"wp-block-heading\">\u0412\u0438\u0441\u043d\u043e\u0432\u043e\u043a<\/h2>\n\n\n\n<p>Die Bildskalierung mit KI er\u00f6ffnet v\u00f6llig neue M\u00f6glichkeiten, \u00e4ltere oder niedrig aufgel\u00f6ste Bilder hochwertig aufzubereiten. Besonders f\u00fcr gemeinn\u00fctzige Organisationen, Unternehmen oder Privatpersonen ist dies eine kosteng\u00fcnstige und effiziente Methode, wertvolle Bildmaterialien zu bewahren und wiederzuverwenden.<\/p>\n\n\n\n<hr class=\"wp-block-separator has-alpha-channel-opacity\"\/>\n\n\n\n<h2 class=\"wp-block-heading\">\u0406\u043d\u0448\u0456 \u043f\u043e\u0441\u0438\u043b\u0430\u043d\u043d\u044f<\/h2>\n\n\n\n<figure class=\"wp-block-table is-style-stripes text-align-left\"><table class=\"has-fixed-layout\"><tbody><tr><td><a href=\"https:\/\/leonardo.ai\" target=\"_blank\">\u0423\u0447\u0435\u043d\u044c \u041b\u0435\u043e\u043d\u0430\u0440\u0434\u043e<\/a><\/td><td>\u0417\u043e\u0441\u0435\u0440\u0435\u0434\u044c\u0442\u0435\u0441\u044f \u043d\u0430 \u0456\u0433\u0440\u043e\u0432\u0438\u0445 \u0440\u0435\u0441\u0443\u0440\u0441\u0430\u0445 \u0442\u0430 \u043a\u043e\u043d\u0446\u0435\u043f\u0442-\u0430\u0440\u0442\u0456. \u0412\u043a\u043b\u044e\u0447\u0430\u0454 \u043c\u043e\u0434\u0435\u043b\u0456 \u0441\u043f\u0456\u043b\u044c\u043d\u043e\u0442, \u043c\u043e\u0436\u043b\u0438\u0432\u043e\u0441\u0442\u0456 \u0441\u0442\u0432\u043e\u0440\u0435\u043d\u043d\u044f \u043f\u043b\u0438\u0442\u043a\u0438, \u043c\u0430\u0441\u0448\u0442\u0430\u0431\u0443\u0432\u0430\u043d\u043d\u044f \u0432 4 \u0440\u0430\u0437\u0438 \u0442\u0430 \u0441\u043b\u043e\u0442\u0438 \u0434\u043b\u044f \u0431\u0435\u0437\u043f\u0435\u0440\u0435\u0440\u0432\u043d\u043e\u0433\u043e \u043d\u0430\u0432\u0447\u0430\u043d\u043d\u044f.<\/td><\/tr><tr><td><a href=\"https:\/\/firefly.adobe.com\" target=\"_blank\">Adobe Firefly Standard<\/a><\/td><td>\u0421\u0442\u0432\u043e\u0440\u044e\u0454 \u0437\u043e\u0431\u0440\u0430\u0436\u0435\u043d\u043d\u044f, \u0442\u0435\u043a\u0441\u0442\u043e\u0432\u0456 \u0435\u0444\u0435\u043a\u0442\u0438 \u0456, \u0432 \u043c\u0430\u0439\u0431\u0443\u0442\u043d\u044c\u043e\u043c\u0443, \u0432\u0456\u0434\u0435\u043e \u0437 \u043a\u043e\u043c\u0435\u0440\u0446\u0456\u0439\u043d\u043e\u044e \u043b\u0456\u0446\u0435\u043d\u0437\u0456\u0454\u044e. \u0411\u0435\u0437\u043f\u0435\u0440\u0435\u0448\u043a\u043e\u0434\u043d\u0430 \u0432\u0437\u0430\u0454\u043c\u043e\u0434\u0456\u044f \u0437 Photoshop, Express \u0442\u0430 Illustrator.<\/td><\/tr><tr><td><a href=\"https:\/\/stability.ai\" target=\"_blank\">\u0421\u0442\u0430\u0431\u0456\u043b\u044c\u043d\u0430 \u0434\u0438\u0444\u0443\u0437\u0456\u044f OSS<\/a><\/td><td>\u041c\u043e\u0434\u0435\u043b\u044c \u043f\u0435\u0440\u0435\u0442\u0432\u043e\u0440\u0435\u043d\u043d\u044f \u0442\u0435\u043a\u0441\u0442\u0443 \u0432 \u0437\u043e\u0431\u0440\u0430\u0436\u0435\u043d\u043d\u044f \u0437 \u0432\u0456\u0434\u043a\u0440\u0438\u0442\u0438\u043c \u0432\u0438\u0445\u0456\u0434\u043d\u0438\u043c \u043a\u043e\u0434\u043e\u043c. \u041f\u043e\u0432\u043d\u0456\u0441\u0442\u044e \u0430\u0432\u0442\u043e\u043d\u043e\u043c\u043d\u0435 \u0432\u0438\u043a\u043e\u043d\u0430\u043d\u043d\u044f \u0437 \u0434\u043e\u0434\u0430\u0442\u043a\u0430\u043c\u0438 \u0441\u043f\u0456\u043b\u044c\u043d\u043e\u0442\u0438 (LoRA, ControlNet); \u0431\u0435\u0437 \u0432\u0438\u0442\u0440\u0430\u0442 \u043d\u0430 \u043b\u0456\u0446\u0435\u043d\u0437\u0456\u044e.<\/td><\/tr><tr><td><a href=\"https:\/\/canva.com\" target=\"_blank\">Canva AI<\/a><\/td><td>\u0414\u0438\u0437\u0430\u0439\u043d\u0435\u0440\u0441\u044c\u043a\u0438\u0439 \u043f\u0430\u043a\u0435\u0442 \u0437 \u0431\u0435\u043a\u0435\u043d\u0434\u043e\u043c Firefly. \u041f\u0440\u043e\u043f\u043e\u043d\u0443\u0454 \u0448\u0430\u0431\u043b\u043e\u043d\u0438 \u0437 \u043c\u043e\u0436\u043b\u0438\u0432\u0456\u0441\u0442\u044e \u043f\u0435\u0440\u0435\u0442\u044f\u0433\u0443\u0432\u0430\u043d\u043d\u044f, \u0431\u0440\u0435\u043d\u0434-\u0430\u043a\u0442\u0438\u0432\u0438 \u0442\u0430 \u0433\u0435\u043d\u0435\u0440\u0430\u0442\u0438\u0432\u043d\u0456 \u0437\u0430\u043c\u0456\u043d\u0438 \"Magic Edit\" - \u0456\u0434\u0435\u0430\u043b\u044c\u043d\u043e \u043f\u0456\u0434\u0445\u043e\u0434\u0438\u0442\u044c \u0434\u043b\u044f \u043d\u0435-\u0434\u0438\u0437\u0430\u0439\u043d\u0435\u0440\u0456\u0432.<\/td><\/tr><\/tbody><\/table><\/figure>","protected":false},"excerpt":{"rendered":"<p>Einleitung Die Skalierung von Bildern \u2013 also das Vergr\u00f6\u00dfern oder Verkleinern ohne Qualit\u00e4tsverlust \u2013 war lange Zeit eine der gr\u00f6\u00dften Herausforderungen in der digitalen Bildbearbeitung. Klassische Methoden f\u00fchrten oft zu unscharfen oder verpixelten Ergebnissen. K\u00fcnstliche Intelligenz (KI)&nbsp;erm\u00f6glicht inzwischen, Bilder so zu skalieren, dass sie scharf und detailreich bleiben, auch wenn sie stark vergr\u00f6\u00dfert werden. Dadurch [&hellip;]<\/p>","protected":false},"author":1,"featured_media":0,"comment_status":"open","ping_status":"open","sticky":false,"template":"","format":"standard","meta":{"footnotes":""},"categories":[24],"tags":[33],"class_list":["post-116","post","type-post","status-publish","format-standard","hentry","category-bildbasierte-ki-anwendungen","tag-links"],"_links":{"self":[{"href":"https:\/\/yu-ki.org\/uk\/wp-json\/wp\/v2\/posts\/116","targetHints":{"allow":["GET"]}}],"collection":[{"href":"https:\/\/yu-ki.org\/uk\/wp-json\/wp\/v2\/posts"}],"about":[{"href":"https:\/\/yu-ki.org\/uk\/wp-json\/wp\/v2\/types\/post"}],"author":[{"embeddable":true,"href":"https:\/\/yu-ki.org\/uk\/wp-json\/wp\/v2\/users\/1"}],"replies":[{"embeddable":true,"href":"https:\/\/yu-ki.org\/uk\/wp-json\/wp\/v2\/comments?post=116"}],"version-history":[{"count":4,"href":"https:\/\/yu-ki.org\/uk\/wp-json\/wp\/v2\/posts\/116\/revisions"}],"predecessor-version":[{"id":498,"href":"https:\/\/yu-ki.org\/uk\/wp-json\/wp\/v2\/posts\/116\/revisions\/498"}],"wp:attachment":[{"href":"https:\/\/yu-ki.org\/uk\/wp-json\/wp\/v2\/media?parent=116"}],"wp:term":[{"taxonomy":"category","embeddable":true,"href":"https:\/\/yu-ki.org\/uk\/wp-json\/wp\/v2\/categories?post=116"},{"taxonomy":"post_tag","embeddable":true,"href":"https:\/\/yu-ki.org\/uk\/wp-json\/wp\/v2\/tags?post=116"}],"curies":[{"name":"wp","href":"https:\/\/api.w.org\/{rel}","templated":true}]}}