{"id":729,"date":"2026-09-01T08:49:40","date_gmt":"2026-09-01T08:49:40","guid":{"rendered":"https:\/\/yu-ki.org\/?p=729"},"modified":"2026-09-01T08:49:42","modified_gmt":"2026-09-01T08:49:42","slug":"verstehe-deutsche-feiertage-brueckentage-und-urlaubsplanung-mit-ki","status":"publish","type":"post","link":"https:\/\/yu-ki.org\/uk\/2026\/09\/01\/verstehe-deutsche-feiertage-brueckentage-und-urlaubsplanung-mit-ki\/","title":{"rendered":"Verstehe deutsche Feiertage, Br\u00fcckentage und Urlaubsplanung mit KI"},"content":{"rendered":"<div class=\"wp-block-group has-luminous-vivid-amber-background-color has-background\" style=\"border-radius: 12px;padding: 30px\">\n<h2 class=\"wp-block-heading\">Feiertage und Br\u00fcckentage: So planst du deinen Urlaub clever<\/h2>\n<p style=\"font-size: 1.2rem\">Stell dir vor: Es ist Donnerstag und deine Kollegen w\u00fcnschen dir ein &#8222;sch\u00f6nes langes Wochenende&#8220;. Am Freitag kommst du zur Arbeit, aber das B\u00fcro ist komplett leer. Du hast den &#8222;Br\u00fcckentag&#8220; vergessen!<\/p>\n<blockquote class=\"wp-block-quote is-style-large has-text-color\" style=\"color: #1a1a1a\"><p>&#8222;Warum haben manche Bundesl\u00e4nder heute frei und andere nicht? Was feiern die Deutschen eigentlich an Fronleichnam? Und wie frage ich meinen Chef h\u00f6flich nach Urlaub?&#8220;<\/p><\/blockquote>\n<p>Die deutschen Feiertage sind eine Wissenschaft f\u00fcr sich. Einige gelten f\u00fcr ganz Deutschland, andere (wie Allerheiligen) nur in bestimmten Bundesl\u00e4ndern wie Baden-W\u00fcrttemberg. Wer das System der &#8222;Br\u00fcckentage&#8220; versteht, kann aus 20 Urlaubstagen pl\u00f6tzlich fast 40 freie Tage machen! Wir zeigen dir, wie eine K\u00fcnstliche Intelligenz (KI) dir die Kultur erkl\u00e4rt und deinen Urlaub perfekt f\u00fcr dich plant.<\/p>\n<\/div>\n<div class=\"wp-block-spacer\" style=\"height: 30px\" aria-hidden=\"true\"><\/div>\n<h2 class=\"wp-block-heading\">Die L\u00f6sung: Die KI als dein Urlaubsplaner<\/h2>\n<p>Eine K\u00fcnstliche Intelligenz (KI) kennt alle regionalen Feiertage in Stuttgart. Sie berechnet f\u00fcr dich, wann du deine Urlaubstage am besten nimmst, um so lange wie m\u00f6glich am St\u00fcck frei zu haben (Br\u00fcckentage). Au\u00dferdem erkl\u00e4rt dir die KI die Bedeutung der Feste und formuliert eine h\u00f6fliche, professionelle E-Mail an deinen Arbeitgeber, um den Urlaub offiziell zu beantragen.<\/p>\n<h2 class=\"wp-block-heading\">Schritt-f\u00fcr-Schritt-Anleitung<\/h2>\n<div class=\"wp-block-group has-pale-cyan-blue-background-color has-background\" style=\"border-left-color: #2196f3;border-left-width: 4px;padding: 15px 15px 15px 20px\">\n<ol class=\"wp-block-list\">\n<li><strong>Kalender checken:<\/strong> \u00dcberlege dir, in welchem Monat du gerne Urlaub machen m\u00f6chtest oder in deine Heimat fliegen willst.<\/li>\n<li><strong>KI \u00f6ffnen:<\/strong> \u00d6ffne eine KI-App auf deinem Handy (z.B. ChatGPT oder Claude).<\/li>\n<li><strong>Befehl kopieren:<\/strong> Kopiere den Text aus der dunklen Box unten.<\/li>\n<li><strong>Daten eintragen:<\/strong> F\u00fclle die Klammern <strong>[ ]<\/strong> mit deinem gew\u00fcnschten Monat und deinem Wohnort aus.<\/li>\n<li><strong>E-Mail senden:<\/strong> Nutze den perfekten Urlaubsplan der KI, kopiere die fertige E-Mail und schicke sie an deinen Chef!<\/li>\n<\/ol>\n<\/div>\n<div class=\"wp-block-spacer\" style=\"height: 20px\" aria-hidden=\"true\"><\/div>\n<div class=\"wp-block-group has-text-color has-background\" style=\"color: #f3f4f6;background-color: #1e1e1e;border-radius: 8px;padding: 30px 20px 30px 20px\">\n<h3 class=\"wp-block-heading\" style=\"color: #4ade80\">\ud83d\udcbb Dein Kopier-Prompt (Der Befehl)<\/h3>\n<p style=\"font-size: 0.9rem\"><em>Kopiere diesen Text komplett:<\/em><\/p>\n<pre class=\"wp-block-code has-text-color has-background\" style=\"color: #e5e7eb;background-color: #374151;border-radius: 6px;padding: 15px;margin-bottom: 20px\"><code>Ich wohne und arbeite in [Stuttgart \/ Baden-W\u00fcrttemberg]. Ich m\u00f6chte im Jahr [2024 \/ 2025] meinen Urlaub clever planen.\n\nBitte hilf mir in sehr einfachem Deutsch (Level A2):\n1. Br\u00fcckentage: Wann gibt es im [z.B. Mai oder Oktober] Feiertage in meinem Bundesland? An welchen Tagen muss ich Urlaub nehmen, um mit wenig Urlaubstagen maximal lange frei zu haben?\n2. Kultur: Erkl\u00e4re mir kurz, was die Deutschen an diesem speziellen Feiertag eigentlich feiern.\n3. E-Mail: Schreibe eine kurze, h\u00f6fliche E-Mail an meinen Chef, in der ich diesen Urlaub beantrage.<\/code><\/pre>\n<details class=\"wp-block-details\">\n<summary>\ud83d\udca1 Was bedeuten die Klammern [ ]?<\/summary>\n<p>L\u00f6sche die Klammern. Trage dort dein Bundesland und den Monat ein, in dem du frei haben willst. Du kannst die KI auch direkt fragen: &#8222;Erkl\u00e4re mir, was Fasching (Karneval) ist und ob ich da automatisch frei habe!&#8220;<\/p>\n<\/details>\n<\/div>\n<hr class=\"wp-block-separator has-alpha-channel-opacity is-style-wide\" \/>\n<h2 class=\"wp-block-heading\">Checkliste: Das musst du \u00fcber Feiertage wissen<\/h2>\n<div class=\"wp-block-group has-light-red-background-color has-background\" style=\"border-left-color: #ef4000;border-left-width: 4px;margin-bottom: 30px;padding: 20px\">\n<p>\u26a0\ufe0f <strong>Wichtiger Hinweis:<\/strong> Dein Urlaub ist erst sicher, wenn dein Chef ihn offiziell genehmigt hat. Buche deine Fl\u00fcge niemals vorher!<\/p>\n<ul class=\"wp-block-list\">\n<li>\u2705 <strong>Regionale Feiertage in Stuttgart:<\/strong> In Baden-W\u00fcrttemberg gibt es mehr Feiertage als im Norden Deutschlands. Tage wie &#8222;Heilige Drei K\u00f6nige&#8220; (6. Januar), &#8222;Fronleichnam&#8220; oder &#8222;Allerheiligen&#8220; (1. November) sind hier arbeitsfrei. In Berlin musst du an diesen Tagen arbeiten!<\/li>\n<li>\u2705 <strong>Der Br\u00fcckentag:<\/strong> F\u00e4llt ein Feiertag auf einen Donnerstag, ist der Freitag ein &#8222;Br\u00fcckentag&#8220;. Nimmst du am Freitag einen Urlaubstag, hast du vier Tage am St\u00fcck frei! Diese Tage sind bei Kollegen sehr beliebt \u2013 sei also schnell mit deinem Antrag!<\/li>\n<li>\u2705 <strong>Kein Feiertag (Fasching &amp; Co.):<\/strong> Karneval, Fasching oder auch Erntedankfest sind sch\u00f6ne deutsche Traditionen, aber <em>keine<\/em> gesetzlichen Feiertage. Wenn du feiern willst, musst du dir daf\u00fcr normalen Urlaub nehmen.<\/li>\n<li>\u2705 <strong>Schulferien beachten:<\/strong> Wenn du Kinder hast, musst du dich bei der Urlaubsplanung immer an die strengen Schulferien halten. In Deutschland d\u00fcrfen Kinder au\u00dferhalb der Ferien nicht einfach von der Schule zu Hause bleiben!<\/li>\n<\/ul>\n<\/div>\n<div class=\"wp-block-group has-background\" style=\"background-color: #f0fdf4;border-radius: 12px;padding: 30px\">\n<h2 class=\"wp-block-heading\" style=\"color: #166534\">\ud83d\udee0 Werkzeug-Kasten (Unsere Empfehlungen)<\/h2>\n<p>Diese Tools helfen dir, deine freien Tage perfekt zu planen:<\/p>\n<div class=\"wp-block-columns\">\n<div class=\"wp-block-column has-background\" style=\"background-color: #ffffff;border-radius: 8px;padding: 20px\">\n<h4 class=\"wp-block-heading\">ChatGPT<\/h4>\n<p>Dein pers\u00f6nlicher Urlaubsberater. Frag ChatGPT einfach: &#8222;Wie mache ich aus 10 Urlaubstagen im Mai die l\u00e4ngste freie Zeit in Baden-W\u00fcrttemberg?&#8220; und die KI rechnet dir den perfekten Plan aus.<\/p>\n<div class=\"wp-block-buttons\">\n<div class=\"wp-block-button has-custom-width wp-block-button__width-100\"><a class=\"wp-block-button__link has-text-color has-background wp-element-button\" style=\"color: #ffffff;background-color: #166534\" href=\"https:\/\/chatgpt.com\" target=\"_blank\" rel=\"noreferrer noopener\">Zu ChatGPT<\/a><\/div>\n<\/div>\n<\/div>\n<div class=\"wp-block-column has-background\" style=\"background-color: #ffffff;border-radius: 8px;padding: 20px\">\n<h4 class=\"wp-block-heading\">Schulferien.org<\/h4>\n<p>Die beste deutsche Webseite f\u00fcr Eltern und Urlaubsplaner. Hier siehst du \u00fcbersichtlich alle Br\u00fcckentage, gesetzlichen Feiertage und Schulferien f\u00fcr Stuttgart und Baden-W\u00fcrttemberg auf einen Blick.<\/p>\n<div class=\"wp-block-buttons\">\n<div class=\"wp-block-button has-custom-width wp-block-button__width-100\"><a class=\"wp-block-button__link has-text-color has-background wp-element-button\" style=\"color: #ffffff;background-color: #005ea8\" href=\"https:\/\/www.schulferien.org\/\" target=\"_blank\" rel=\"noreferrer noopener\">Zum Ferienkalender<\/a><\/div>\n<\/div>\n<\/div>\n<div class=\"wp-block-column has-background\" style=\"background-color: #ffffff;border-radius: 8px;padding: 20px\">\n<h4 class=\"wp-block-heading\">DeepL<\/h4>\n<p>Wenn dein Arbeitgeber eine spezielle HR-Software f\u00fcr den Urlaubsantrag nutzt und die E-Mail der KI nicht reicht, hilft dir DeepL, die schweren deutschen W\u00f6rter im System deiner Firma fehlerfrei zu \u00fcbersetzen.<\/p>\n<div class=\"wp-block-buttons\">\n<div class=\"wp-block-button has-custom-width wp-block-button__width-100\"><a class=\"wp-block-button__link has-text-color has-background wp-element-button\" style=\"color: #ffffff;background-color: #0f172a\" href=\"https:\/\/www.deepl.com\" target=\"_blank\" rel=\"noreferrer noopener\">Zu DeepL<\/a><\/div>\n<\/div>\n<\/div>\n<\/div>\n<\/div>\n<div class=\"wp-block-spacer\" style=\"height: 20px\" aria-hidden=\"true\"><\/div>\n<h3 class=\"wp-block-heading has-text-align-center\">Dein Vorteil \ud83c\udfd6\ufe0f<\/h3>\n<p class=\"has-text-align-center\" style=\"font-size: 1.1rem\">Wer das deutsche Feiertagssystem versteht, spart wertvolle Urlaubstage und hat viel mehr Zeit f\u00fcr Erholung und Familie. <strong>Das macht das Arbeiten in Deutschland gleich doppelt so sch\u00f6n!<\/strong><\/p>\n","protected":false},"excerpt":{"rendered":"<p>Feiertage und Br\u00fcckentage: So planst du deinen Urlaub clever Stell dir vor: Es ist Donnerstag und deine Kollegen w\u00fcnschen dir ein &#8222;sch\u00f6nes langes Wochenende&#8220;. Am Freitag kommst du zur Arbeit, aber das B\u00fcro ist komplett leer. Du hast den &#8222;Br\u00fcckentag&#8220; vergessen! &#8222;Warum haben manche Bundesl\u00e4nder heute frei und andere nicht? Was feiern die Deutschen eigentlich [&hellip;]<\/p>\n","protected":false},"author":3,"featured_media":0,"comment_status":"open","ping_status":"open","sticky":false,"template":"","format":"standard","meta":{"footnotes":""},"categories":[43],"tags":[],"class_list":["post-729","post","type-post","status-publish","format-standard","hentry","category-alltagfinanzen"],"_links":{"self":[{"href":"https:\/\/yu-ki.org\/uk\/wp-json\/wp\/v2\/posts\/729","targetHints":{"allow":["GET"]}}],"collection":[{"href":"https:\/\/yu-ki.org\/uk\/wp-json\/wp\/v2\/posts"}],"about":[{"href":"https:\/\/yu-ki.org\/uk\/wp-json\/wp\/v2\/types\/post"}],"author":[{"embeddable":true,"href":"https:\/\/yu-ki.org\/uk\/wp-json\/wp\/v2\/users\/3"}],"replies":[{"embeddable":true,"href":"https:\/\/yu-ki.org\/uk\/wp-json\/wp\/v2\/comments?post=729"}],"version-history":[{"count":1,"href":"https:\/\/yu-ki.org\/uk\/wp-json\/wp\/v2\/posts\/729\/revisions"}],"predecessor-version":[{"id":730,"href":"https:\/\/yu-ki.org\/uk\/wp-json\/wp\/v2\/posts\/729\/revisions\/730"}],"wp:attachment":[{"href":"https:\/\/yu-ki.org\/uk\/wp-json\/wp\/v2\/media?parent=729"}],"wp:term":[{"taxonomy":"category","embeddable":true,"href":"https:\/\/yu-ki.org\/uk\/wp-json\/wp\/v2\/categories?post=729"},{"taxonomy":"post_tag","embeddable":true,"href":"https:\/\/yu-ki.org\/uk\/wp-json\/wp\/v2\/tags?post=729"}],"curies":[{"name":"wp","href":"https:\/\/api.w.org\/{rel}","templated":true}]}}